{"id":2609,"global_id":"lemelville.fr\/accueil?id=2609","global_id_lineage":["lemelville.fr\/accueil?id=2609"],"author":"1","status":"publish","date":"2024-07-11 16:24:55","date_utc":"2024-07-11 14:24:55","modified":"2024-07-11 16:24:55","modified_utc":"2024-07-11 14:24:55","url":"https:\/\/lemelville.fr\/accueil\/evenements\/melina-tobiana-quintet\/","rest_url":"https:\/\/lemelville.fr\/accueil\/wp-json\/tribe\/events\/v1\/events\/2609","title":"Melina Tobiana Quintet","description":"<p><span data-contrast=\"auto\">Apr\u00e8s un premier album \u00e9ponyme sorti sur le Label Outnote Records, M\u00e9lina Tobiana revient sur le devant de la sc\u00e8ne pour pr\u00e9senter son nouveau r\u00e9pertoire original avec un quintet in\u00e9dit. Ce groupe impose son style aux fronti\u00e8res du jazz, du groove et de la Folk. <\/span><span data-ccp-props=\"{&quot;201341983&quot;:0,&quot;335559739&quot;:160,&quot;335559740&quot;:279}\">\u00a0<\/span><\/p>\n<p><span data-contrast=\"auto\">\u00ab Une chanteuse qui peut devenir une voix du Jazz ! \u00bb Francisco Cruz Jazz News<\/span><span data-ccp-props=\"{&quot;201341983&quot;:0,&quot;335559739&quot;:160,&quot;335559740&quot;:279}\">\u00a0<\/span><\/p>\n<p><span data-contrast=\"auto\">\u00ab C\u2019est une habitu\u00e9e des clubs parisiens, o\u00f9 elle a pass\u00e9 bien des nuits \u00e0 peaufiner son approche particuli\u00e8re du chant. Avec sa voix un peu r\u00e2peuse, sa pr\u00e9sence tr\u00e8s assur\u00e9e, sa soul et son swing percutant, M\u00e9lina Tobiana compte parmi les jazz women les plus craquantes du moment ! \u00bb Louis-Julien Nicolaou -T\u00e9l\u00e9rama (TT)<\/span><span data-ccp-props=\"{&quot;201341983&quot;:0,&quot;335559739&quot;:160,&quot;335559740&quot;:279}\">\u00a0<\/span><\/p>\n<p>&nbsp;<\/p>\n<p><span data-contrast=\"auto\">M\u00e9lina Tobiana : Chant\u00a0<\/span><span data-ccp-props=\"{&quot;201341983&quot;:0,&quot;335559739&quot;:160,&quot;335559740&quot;:279}\">\u00a0<\/span><\/p>\n<p><span data-contrast=\"auto\">M\u00e9lody Linhart : Chant-Guitare\u00a0<\/span><span data-ccp-props=\"{&quot;201341983&quot;:0,&quot;335559739&quot;:160,&quot;335559740&quot;:279}\">\u00a0<\/span><\/p>\n<p><span data-contrast=\"auto\">Simon Chivallon : Piano\u00a0<\/span><span data-ccp-props=\"{&quot;201341983&quot;:0,&quot;335559739&quot;:160,&quot;335559740&quot;:279}\">\u00a0<\/span><\/p>\n<p><span data-contrast=\"auto\">Thomas Posner : Contrebasse\u00a0<\/span><span data-ccp-props=\"{&quot;201341983&quot;:0,&quot;335559739&quot;:160,&quot;335559740&quot;:279}\">\u00a0<\/span><\/p>\n<p><span data-contrast=\"auto\">Damien Fran\u00e7on : Batterie\u00a0<\/span><span data-ccp-props=\"{&quot;201341983&quot;:0,&quot;335559739&quot;:160,&quot;335559740&quot;:279}\">\u00a0<\/span><\/p>\n<p><span data-ccp-props=\"{&quot;201341983&quot;:0,&quot;335559739&quot;:160,&quot;335559740&quot;:279}\">\u00a0<\/span><\/p>","excerpt":"","slug":"melina-tobiana-quintet","image":{"url":"https:\/\/lemelville.fr\/wp-content\/uploads\/2024\/07\/Melina-Tobiana-.png","id":2620,"extension":"png","width":1280,"height":800,"filesize":492663,"sizes":{"woocommerce_thumbnail":{"width":450,"height":450,"mime-type":"image\/png","filesize":68256,"uncropped":false,"url":"https:\/\/lemelville.fr\/wp-content\/uploads\/2024\/07\/Melina-Tobiana--450x450.png"},"woocommerce_gallery_thumbnail":{"width":100,"height":100,"mime-type":"image\/png","filesize":5457,"url":"https:\/\/lemelville.fr\/wp-content\/uploads\/2024\/07\/Melina-Tobiana--100x100.png"},"woocommerce_single":{"width":600,"height":375,"mime-type":"image\/png","filesize":53369,"url":"https:\/\/lemelville.fr\/wp-content\/uploads\/2024\/07\/Melina-Tobiana--600x375.png"},"medium":{"width":300,"height":188,"mime-type":"image\/png","filesize":39276,"url":"https:\/\/lemelville.fr\/wp-content\/uploads\/2024\/07\/Melina-Tobiana--300x188.png"},"large":{"width":1024,"height":640,"mime-type":"image\/png","filesize":310172,"url":"https:\/\/lemelville.fr\/wp-content\/uploads\/2024\/07\/Melina-Tobiana--1024x640.png"},"thumbnail":{"width":150,"height":150,"mime-type":"image\/png","filesize":23076,"url":"https:\/\/lemelville.fr\/wp-content\/uploads\/2024\/07\/Melina-Tobiana--150x150.png"},"medium_large":{"width":768,"height":480,"mime-type":"image\/png","filesize":192281,"url":"https:\/\/lemelville.fr\/wp-content\/uploads\/2024\/07\/Melina-Tobiana--768x480.png"}}},"all_day":false,"start_date":"2024-09-17 20:30:00","start_date_details":{"year":"2024","month":"09","day":"17","hour":"20","minutes":"30","seconds":"00"},"end_date":"2024-09-17 23:00:00","end_date_details":{"year":"2024","month":"09","day":"17","hour":"23","minutes":"00","seconds":"00"},"utc_start_date":"2024-09-17 18:30:00","utc_start_date_details":{"year":"2024","month":"09","day":"17","hour":"18","minutes":"30","seconds":"00"},"utc_end_date":"2024-09-17 21:00:00","utc_end_date_details":{"year":"2024","month":"09","day":"17","hour":"21","minutes":"00","seconds":"00"},"timezone":"Europe\/Paris","timezone_abbr":"CEST","cost":"","cost_details":{"currency_symbol":"\u20ac","currency_code":"EUR","currency_position":"prefix","values":[]},"website":"","show_map":false,"show_map_link":true,"hide_from_listings":false,"sticky":false,"featured":false,"categories":[{"name":"Jazz Standard","slug":"jazz-standard","term_group":0,"term_taxonomy_id":88,"taxonomy":"tribe_events_cat","description":"","parent":0,"count":280,"filter":"raw","id":88,"urls":{"self":"https:\/\/lemelville.fr\/accueil\/wp-json\/tribe\/events\/v1\/categories\/88","collection":"https:\/\/lemelville.fr\/accueil\/wp-json\/tribe\/events\/v1\/categories"}},{"name":"Vocal Standard Jazz","slug":"vocal-standard-jazz","term_group":0,"term_taxonomy_id":89,"taxonomy":"tribe_events_cat","description":"","parent":0,"count":49,"filter":"raw","id":89,"urls":{"self":"https:\/\/lemelville.fr\/accueil\/wp-json\/tribe\/events\/v1\/categories\/89","collection":"https:\/\/lemelville.fr\/accueil\/wp-json\/tribe\/events\/v1\/categories"}}],"tags":[{"name":"soul","slug":"soul","term_group":0,"term_taxonomy_id":63,"taxonomy":"post_tag","description":"","parent":0,"count":9,"filter":"raw","id":63,"urls":{"self":"https:\/\/lemelville.fr\/accueil\/wp-json\/tribe\/events\/v1\/tags\/63","collection":"https:\/\/lemelville.fr\/accueil\/wp-json\/tribe\/events\/v1\/tags"}},{"name":"Tobiana","slug":"tobiana","term_group":0,"term_taxonomy_id":120,"taxonomy":"post_tag","description":"","parent":0,"count":1,"filter":"raw","id":120,"urls":{"self":"https:\/\/lemelville.fr\/accueil\/wp-json\/tribe\/events\/v1\/tags\/120","collection":"https:\/\/lemelville.fr\/accueil\/wp-json\/tribe\/events\/v1\/tags"}},{"name":"Vocal Jazz","slug":"vocal-jazz","term_group":0,"term_taxonomy_id":24,"taxonomy":"post_tag","description":"","parent":0,"count":22,"filter":"raw","id":24,"urls":{"self":"https:\/\/lemelville.fr\/accueil\/wp-json\/tribe\/events\/v1\/tags\/24","collection":"https:\/\/lemelville.fr\/accueil\/wp-json\/tribe\/events\/v1\/tags"}}],"venue":{"id":299,"author":"1","status":"publish","date":"2023-09-19 18:02:08","date_utc":"2023-09-19 16:02:08","modified":"2025-03-27 10:47:38","modified_utc":"2025-03-27 09:47:38","url":"https:\/\/lemelville.fr\/accueil\/lieu\/le-melville\/","venue":"Le Melville","slug":"le-melville","address":"28 Rue Jean Mermoz","city":"Paris","country":"France","zip":"75008","json_ld":{"@type":"Place","name":"Le Melville","description":"","url":"https:\/\/lemelville.fr\/accueil\/lieu\/le-melville\/","address":{"@type":"PostalAddress","streetAddress":"28 Rue Jean Mermoz","addressLocality":"Paris","postalCode":"75008","addressCountry":"France"},"telephone":"","sameAs":""},"show_map":false,"show_map_link":true,"global_id":"lemelville.fr\/accueil?id=299","global_id_lineage":["lemelville.fr\/accueil?id=299"]},"organizer":[],"custom_fields":[],"json_ld":{"@context":"http:\/\/schema.org","@type":"Event","name":"Melina Tobiana Quintet","description":"&lt;p&gt;Apr\u00e8s un premier album \u00e9ponyme sorti sur le Label Outnote Records, M\u00e9lina Tobiana revient sur le devant de la sc\u00e8ne pour pr\u00e9senter son nouveau r\u00e9pertoire original avec un quintet in\u00e9dit.&hellip; &lt;a class=&quot;more-link&quot; href=&quot;https:\/\/lemelville.fr\/accueil\/evenements\/melina-tobiana-quintet\/&quot;&gt;Poursuivre la lecture &lt;span class=&quot;screen-reader-text&quot;&gt;Melina Tobiana Quintet&lt;\/span&gt;&lt;\/a&gt;&lt;\/p&gt;\\n","image":"https:\/\/lemelville.fr\/wp-content\/uploads\/2024\/07\/Melina-Tobiana-.png","url":"https:\/\/lemelville.fr\/accueil\/evenements\/melina-tobiana-quintet\/","eventAttendanceMode":"https:\/\/schema.org\/OfflineEventAttendanceMode","eventStatus":"https:\/\/schema.org\/EventScheduled","startDate":"2024-09-17T20:30:00+02:00","endDate":"2024-09-17T23:00:00+02:00","location":{"@type":"Place","name":"Le Melville","description":"","url":"https:\/\/lemelville.fr\/accueil\/lieu\/le-melville\/","address":{"@type":"PostalAddress","streetAddress":"28 Rue Jean Mermoz","addressLocality":"Paris","postalCode":"75008","addressCountry":"France"},"telephone":"","sameAs":""},"performer":"Organization"},"is_virtual":false,"virtual_url":null,"virtual_video_source":""}