{"id":3775,"global_id":"lemelville.fr\/accueil?id=3775","global_id_lineage":["lemelville.fr\/accueil?id=3775"],"author":"3","status":"publish","date":"2025-01-18 16:10:20","date_utc":"2025-01-18 15:10:20","modified":"2025-01-18 16:10:20","modified_utc":"2025-01-18 15:10:20","url":"https:\/\/lemelville.fr\/accueil\/evenements\/lazhar-zenou\/","rest_url":"https:\/\/lemelville.fr\/accueil\/wp-json\/tribe\/events\/v1\/events\/3775","title":"Lazhar Zenou","description":"<p>Dans un quatuor envo\u00fbtant, Lazhar Zennou chante et joue de la guitare aux c\u00f4t\u00e9s de Rachid Belharbi au piano, Khaled Sifi au cajun, et Zakaria Bendaoud \u00e0 la basse. Ce m\u00e9lange de talents cr\u00e9e des m\u00e9lodies arabo-andalouses \u00e0 couper le souffle !<\/p>\n<p>Lazhar Zennou \u00e0 la guitare, chante ses d\u00e9chirantes m\u00e9lodies arabo-andalouse, accompagn\u00e9 de Rachid Belharbi au piano, Khaled Sifi au cajun, et Zakaria Bendaoud \u00e0 la basse. Le premier, autodidacte de g\u00e9nie et le second, de formation pianistique classique forment avec Khaled et Zak un quatuor bouleversant.<\/p>\n<p>Lazhar Zennou : Chant, Guitare<br \/>\nRachid Belharbi : Piano<br \/>\nKhaled Sifi : Cajun<br \/>\nZakaria Bendaoud : Basse<\/p>","excerpt":"","slug":"lazhar-zenou","image":{"url":"https:\/\/lemelville.fr\/wp-content\/uploads\/2025\/01\/Lazhar-Zennou-Affiche-NF-1.png","id":3774,"extension":"png","width":1280,"height":800,"filesize":499820,"sizes":{"woocommerce_thumbnail":{"width":450,"height":450,"mime-type":"image\/png","filesize":54673,"uncropped":false,"url":"https:\/\/lemelville.fr\/wp-content\/uploads\/2025\/01\/Lazhar-Zennou-Affiche-NF-1-450x450.png"},"woocommerce_gallery_thumbnail":{"width":100,"height":100,"mime-type":"image\/png","filesize":4407,"url":"https:\/\/lemelville.fr\/wp-content\/uploads\/2025\/01\/Lazhar-Zennou-Affiche-NF-1-100x100.png"},"woocommerce_single":{"width":600,"height":375,"mime-type":"image\/png","filesize":52136,"url":"https:\/\/lemelville.fr\/wp-content\/uploads\/2025\/01\/Lazhar-Zennou-Affiche-NF-1-600x375.png"},"medium":{"width":300,"height":188,"mime-type":"image\/png","filesize":41425,"url":"https:\/\/lemelville.fr\/wp-content\/uploads\/2025\/01\/Lazhar-Zennou-Affiche-NF-1-300x188.png"},"large":{"width":1024,"height":640,"mime-type":"image\/png","filesize":317032,"url":"https:\/\/lemelville.fr\/wp-content\/uploads\/2025\/01\/Lazhar-Zennou-Affiche-NF-1-1024x640.png"},"thumbnail":{"width":150,"height":150,"mime-type":"image\/png","filesize":21067,"url":"https:\/\/lemelville.fr\/wp-content\/uploads\/2025\/01\/Lazhar-Zennou-Affiche-NF-1-150x150.png"},"medium_large":{"width":768,"height":480,"mime-type":"image\/png","filesize":199816,"url":"https:\/\/lemelville.fr\/wp-content\/uploads\/2025\/01\/Lazhar-Zennou-Affiche-NF-1-768x480.png"}}},"all_day":false,"start_date":"2025-03-13 21:00:00","start_date_details":{"year":"2025","month":"03","day":"13","hour":"21","minutes":"00","seconds":"00"},"end_date":"2025-03-13 23:00:00","end_date_details":{"year":"2025","month":"03","day":"13","hour":"23","minutes":"00","seconds":"00"},"utc_start_date":"2025-03-13 20:00:00","utc_start_date_details":{"year":"2025","month":"03","day":"13","hour":"20","minutes":"00","seconds":"00"},"utc_end_date":"2025-03-13 22:00:00","utc_end_date_details":{"year":"2025","month":"03","day":"13","hour":"22","minutes":"00","seconds":"00"},"timezone":"Europe\/Paris","timezone_abbr":"CET","cost":"","cost_details":{"currency_symbol":"","currency_code":"","currency_position":"","values":[]},"website":"https:\/\/lemelville.fr\/accueil\/evenements\/lazhar-zenou\/","show_map":false,"show_map_link":false,"hide_from_listings":false,"sticky":false,"featured":false,"categories":[{"name":"Arabo-andalou","slug":"arabo-andalou","term_group":0,"term_taxonomy_id":126,"taxonomy":"tribe_events_cat","description":"","parent":0,"count":3,"filter":"raw","id":126,"urls":{"self":"https:\/\/lemelville.fr\/accueil\/wp-json\/tribe\/events\/v1\/categories\/126","collection":"https:\/\/lemelville.fr\/accueil\/wp-json\/tribe\/events\/v1\/categories"}}],"tags":[],"venue":{"id":299,"author":"1","status":"publish","date":"2023-09-19 18:02:08","date_utc":"2023-09-19 16:02:08","modified":"2025-03-27 10:47:38","modified_utc":"2025-03-27 09:47:38","url":"https:\/\/lemelville.fr\/accueil\/lieu\/le-melville\/","venue":"Le Melville","slug":"le-melville","address":"28 Rue Jean Mermoz","city":"Paris","country":"France","zip":"75008","json_ld":{"@type":"Place","name":"Le Melville","description":"","url":"https:\/\/lemelville.fr\/accueil\/lieu\/le-melville\/","address":{"@type":"PostalAddress","streetAddress":"28 Rue Jean Mermoz","addressLocality":"Paris","postalCode":"75008","addressCountry":"France"},"telephone":"","sameAs":""},"show_map":false,"show_map_link":true,"global_id":"lemelville.fr\/accueil?id=299","global_id_lineage":["lemelville.fr\/accueil?id=299"]},"organizer":[],"custom_fields":[],"json_ld":{"@context":"http:\/\/schema.org","@type":"Event","name":"Lazhar Zenou","description":"&lt;p&gt;Dans un quatuor envo\u00fbtant, Lazhar Zennou chante et joue de la guitare aux c\u00f4t\u00e9s de Rachid Belharbi au piano, Khaled Sifi au cajun, et Zakaria Bendaoud \u00e0 la basse. Ce&hellip; &lt;a class=&quot;more-link&quot; href=&quot;https:\/\/lemelville.fr\/accueil\/evenements\/lazhar-zenou\/&quot;&gt;Poursuivre la lecture &lt;span class=&quot;screen-reader-text&quot;&gt;Lazhar Zenou&lt;\/span&gt;&lt;\/a&gt;&lt;\/p&gt;\\n","image":"https:\/\/lemelville.fr\/wp-content\/uploads\/2025\/01\/Lazhar-Zennou-Affiche-NF-1.png","url":"https:\/\/lemelville.fr\/accueil\/evenements\/lazhar-zenou\/","eventAttendanceMode":"https:\/\/schema.org\/OfflineEventAttendanceMode","eventStatus":"https:\/\/schema.org\/EventScheduled","startDate":"2025-03-13T21:00:00+01:00","endDate":"2025-03-13T23:00:00+01:00","location":{"@type":"Place","name":"Le Melville","description":"","url":"https:\/\/lemelville.fr\/accueil\/lieu\/le-melville\/","address":{"@type":"PostalAddress","streetAddress":"28 Rue Jean Mermoz","addressLocality":"Paris","postalCode":"75008","addressCountry":"France"},"telephone":"","sameAs":""},"performer":"Organization"},"is_virtual":false,"virtual_url":null,"virtual_video_source":""}