{"id":3801,"global_id":"lemelville.fr\/accueil?id=3801","global_id_lineage":["lemelville.fr\/accueil?id=3801"],"author":"3","status":"publish","date":"2025-01-18 18:23:35","date_utc":"2025-01-18 17:23:35","modified":"2025-01-18 18:23:35","modified_utc":"2025-01-18 17:23:35","url":"https:\/\/lemelville.fr\/accueil\/evenements\/tommy-roots-trio-2\/","rest_url":"https:\/\/lemelville.fr\/accueil\/wp-json\/tribe\/events\/v1\/events\/3801","title":"Tommy Roots Trio","description":"<p>Le Tommy Roots Trio, compos\u00e9 de Matthieu Meyer au piano, Prokhor Burlak au saxo t\u00e9nor et Thomas Racine \u00e0 la batterie, revisite les classiques du jazz avec une touche moderne. Leur musique audacieuse et \u00e9l\u00e9gante offre une ambiance \u00e0 la fois nostalgique et innovante, m\u00ealant improvisations et compositions originales<\/p>\n<p>Le Tommy Roots Trio est un groupe de jazz moderne qui explore les racines du genre tout en y apportant une touche contemporaine. Compos\u00e9  d\u2019un pianiste virtuose, d\u2019un saxophoniste \u00e9bouriffant et d\u2019un batteurde genie, ce trio se distingue par ses improvisations audacieuses et ses arrangements \u00e9l\u00e9gants. Leur r\u00e9pertoire m\u00eale des classiques du jazz revisit\u00e9s \u00e0 des compositions originales, offrant une ambiance \u00e0 la fois nostalgique et innovante. <\/p>\n<p>Matthieu meyer : piano<br \/>\nProkhor Burlak : Saxo T\u00e9nor<br \/>\nThomas Racine : Drums <\/p>","excerpt":"","slug":"tommy-roots-trio-2","image":{"url":"https:\/\/lemelville.fr\/wp-content\/uploads\/2025\/01\/Tommy-Roots-Trio-Affiche-Nf.png","id":3800,"extension":"png","width":1280,"height":800,"filesize":704008,"sizes":{"woocommerce_thumbnail":{"width":450,"height":450,"mime-type":"image\/png","filesize":71450,"uncropped":false,"url":"https:\/\/lemelville.fr\/wp-content\/uploads\/2025\/01\/Tommy-Roots-Trio-Affiche-Nf-450x450.png"},"woocommerce_gallery_thumbnail":{"width":100,"height":100,"mime-type":"image\/png","filesize":5761,"url":"https:\/\/lemelville.fr\/wp-content\/uploads\/2025\/01\/Tommy-Roots-Trio-Affiche-Nf-100x100.png"},"woocommerce_single":{"width":600,"height":375,"mime-type":"image\/png","filesize":83937,"url":"https:\/\/lemelville.fr\/wp-content\/uploads\/2025\/01\/Tommy-Roots-Trio-Affiche-Nf-600x375.png"},"medium":{"width":300,"height":188,"mime-type":"image\/png","filesize":58832,"url":"https:\/\/lemelville.fr\/wp-content\/uploads\/2025\/01\/Tommy-Roots-Trio-Affiche-Nf-300x188.png"},"large":{"width":1024,"height":640,"mime-type":"image\/png","filesize":443734,"url":"https:\/\/lemelville.fr\/wp-content\/uploads\/2025\/01\/Tommy-Roots-Trio-Affiche-Nf-1024x640.png"},"thumbnail":{"width":150,"height":150,"mime-type":"image\/png","filesize":24679,"url":"https:\/\/lemelville.fr\/wp-content\/uploads\/2025\/01\/Tommy-Roots-Trio-Affiche-Nf-150x150.png"},"medium_large":{"width":768,"height":480,"mime-type":"image\/png","filesize":280596,"url":"https:\/\/lemelville.fr\/wp-content\/uploads\/2025\/01\/Tommy-Roots-Trio-Affiche-Nf-768x480.png"}}},"all_day":false,"start_date":"2025-04-01 20:30:00","start_date_details":{"year":"2025","month":"04","day":"01","hour":"20","minutes":"30","seconds":"00"},"end_date":"2025-04-01 23:00:00","end_date_details":{"year":"2025","month":"04","day":"01","hour":"23","minutes":"00","seconds":"00"},"utc_start_date":"2025-04-01 18:30:00","utc_start_date_details":{"year":"2025","month":"04","day":"01","hour":"18","minutes":"30","seconds":"00"},"utc_end_date":"2025-04-01 21:00:00","utc_end_date_details":{"year":"2025","month":"04","day":"01","hour":"21","minutes":"00","seconds":"00"},"timezone":"Europe\/Paris","timezone_abbr":"CEST","cost":"","cost_details":{"currency_symbol":"","currency_code":"","currency_position":"","values":[]},"website":"https:\/\/lemelville.fr\/accueil\/evenements\/tommy-roots-trio-2\/","show_map":false,"show_map_link":false,"hide_from_listings":false,"sticky":false,"featured":false,"categories":[{"name":"Swing New Orleans","slug":"swing-new-orleans","term_group":0,"term_taxonomy_id":142,"taxonomy":"tribe_events_cat","description":"","parent":0,"count":1,"filter":"raw","id":142,"urls":{"self":"https:\/\/lemelville.fr\/accueil\/wp-json\/tribe\/events\/v1\/categories\/142","collection":"https:\/\/lemelville.fr\/accueil\/wp-json\/tribe\/events\/v1\/categories"}}],"tags":[],"venue":{"id":299,"author":"1","status":"publish","date":"2023-09-19 18:02:08","date_utc":"2023-09-19 16:02:08","modified":"2025-03-27 10:47:38","modified_utc":"2025-03-27 09:47:38","url":"https:\/\/lemelville.fr\/accueil\/lieu\/le-melville\/","venue":"Le Melville","slug":"le-melville","address":"28 Rue Jean Mermoz","city":"Paris","country":"France","zip":"75008","json_ld":{"@type":"Place","name":"Le Melville","description":"","url":"https:\/\/lemelville.fr\/accueil\/lieu\/le-melville\/","address":{"@type":"PostalAddress","streetAddress":"28 Rue Jean Mermoz","addressLocality":"Paris","postalCode":"75008","addressCountry":"France"},"telephone":"","sameAs":""},"show_map":false,"show_map_link":true,"global_id":"lemelville.fr\/accueil?id=299","global_id_lineage":["lemelville.fr\/accueil?id=299"]},"organizer":[],"custom_fields":[],"json_ld":{"@context":"http:\/\/schema.org","@type":"Event","name":"Tommy Roots Trio","description":"&lt;p&gt;Le Tommy Roots Trio, compos\u00e9 de Matthieu Meyer au piano, Prokhor Burlak au saxo t\u00e9nor et Thomas Racine \u00e0 la batterie, revisite les classiques du jazz avec une touche moderne.&hellip; &lt;a class=&quot;more-link&quot; href=&quot;https:\/\/lemelville.fr\/accueil\/evenements\/tommy-roots-trio-2\/&quot;&gt;Poursuivre la lecture &lt;span class=&quot;screen-reader-text&quot;&gt;Tommy Roots Trio&lt;\/span&gt;&lt;\/a&gt;&lt;\/p&gt;\\n","image":"https:\/\/lemelville.fr\/wp-content\/uploads\/2025\/01\/Tommy-Roots-Trio-Affiche-Nf.png","url":"https:\/\/lemelville.fr\/accueil\/evenements\/tommy-roots-trio-2\/","eventAttendanceMode":"https:\/\/schema.org\/OfflineEventAttendanceMode","eventStatus":"https:\/\/schema.org\/EventScheduled","startDate":"2025-04-01T20:30:00+02:00","endDate":"2025-04-01T23:00:00+02:00","location":{"@type":"Place","name":"Le Melville","description":"","url":"https:\/\/lemelville.fr\/accueil\/lieu\/le-melville\/","address":{"@type":"PostalAddress","streetAddress":"28 Rue Jean Mermoz","addressLocality":"Paris","postalCode":"75008","addressCountry":"France"},"telephone":"","sameAs":""},"performer":"Organization"},"is_virtual":false,"virtual_url":null,"virtual_video_source":""}