{"id":3873,"global_id":"lemelville.fr\/accueil?id=3873","global_id_lineage":["lemelville.fr\/accueil?id=3873"],"author":"3","status":"publish","date":"2025-01-26 12:51:49","date_utc":"2025-01-26 11:51:49","modified":"2025-01-26 12:51:49","modified_utc":"2025-01-26 11:51:49","url":"https:\/\/lemelville.fr\/accueil\/evenements\/viktor-nyberg-trio-2\/","rest_url":"https:\/\/lemelville.fr\/accueil\/wp-json\/tribe\/events\/v1\/events\/3873","title":"Viktor Nyberg Trio","description":"<p>Un trio explosif na\u00eet \u00e0 Goteborg en 2023 : Etienne D\u00e9confin et Viktor Nyberg rencontrent le batteur Rasmus Blixt. En 2024, des tourn\u00e9es et un enregistrement survolt\u00e9 de standards s&#8217;ensuivent. Leur musique alchimique d\u00e9borde de libert\u00e9, de m\u00e9lodies magiques.<\/p>\n<p>Il y a des rencontres qui marquent une vie, celle de ces trois musiciens en est un exemple frappant ! Elle a lieu \u00e0 Goteborg au printemps 2023, Etienne D\u00e9confin (France) et Viktor Nyberg (France\/Su\u00e8de) qui jouent ensemble depuis 2012 font la connaissance du batteur Rasmus Blixt (Su\u00e8de).<br \/>\nS&#8217;en suis alors des tourn\u00e9es en France, Espagne, Su\u00e8de, et un enregistrement de standards au printemps 2024.<br \/>\nIls ont individuellement jou\u00e9 avec des musiciens comme Ari Hoenig, Jeremy Pelt, Jacky Terrasson, etc&#8230;<br \/>\nLe trio aborde un r\u00e9pertoire de standards et de compositions avec un sens de l&#8217;interplay quasi-t\u00e9l\u00e9pathique o\u00f9 la libert\u00e9 et la m\u00e9lodie sont omnipr\u00e9sentes.<\/p>\n<p>Rasmus Blixt : batterie<br \/>\nViktor Nyberg : contrebasse<br \/>\n\u00c9tienne D\u00e9confin : piano<\/p>","excerpt":"","slug":"viktor-nyberg-trio-2","image":{"url":"https:\/\/lemelville.fr\/wp-content\/uploads\/2025\/01\/Viktor-Nyberg-Trio-Affiche-NF.png","id":3872,"extension":"png","width":1280,"height":800,"filesize":399899,"sizes":{"woocommerce_thumbnail":{"width":450,"height":450,"mime-type":"image\/png","filesize":30526,"uncropped":false,"url":"https:\/\/lemelville.fr\/wp-content\/uploads\/2025\/01\/Viktor-Nyberg-Trio-Affiche-NF-450x450.png"},"woocommerce_gallery_thumbnail":{"width":100,"height":100,"mime-type":"image\/png","filesize":2983,"url":"https:\/\/lemelville.fr\/wp-content\/uploads\/2025\/01\/Viktor-Nyberg-Trio-Affiche-NF-100x100.png"},"woocommerce_single":{"width":600,"height":375,"mime-type":"image\/png","filesize":40344,"url":"https:\/\/lemelville.fr\/wp-content\/uploads\/2025\/01\/Viktor-Nyberg-Trio-Affiche-NF-600x375.png"},"medium":{"width":300,"height":188,"mime-type":"image\/png","filesize":31984,"url":"https:\/\/lemelville.fr\/wp-content\/uploads\/2025\/01\/Viktor-Nyberg-Trio-Affiche-NF-300x188.png"},"large":{"width":1024,"height":640,"mime-type":"image\/png","filesize":243387,"url":"https:\/\/lemelville.fr\/wp-content\/uploads\/2025\/01\/Viktor-Nyberg-Trio-Affiche-NF-1024x640.png"},"thumbnail":{"width":150,"height":150,"mime-type":"image\/png","filesize":12119,"url":"https:\/\/lemelville.fr\/wp-content\/uploads\/2025\/01\/Viktor-Nyberg-Trio-Affiche-NF-150x150.png"},"medium_large":{"width":768,"height":480,"mime-type":"image\/png","filesize":152463,"url":"https:\/\/lemelville.fr\/wp-content\/uploads\/2025\/01\/Viktor-Nyberg-Trio-Affiche-NF-768x480.png"}}},"all_day":false,"start_date":"2025-04-15 20:30:00","start_date_details":{"year":"2025","month":"04","day":"15","hour":"20","minutes":"30","seconds":"00"},"end_date":"2025-04-15 23:00:00","end_date_details":{"year":"2025","month":"04","day":"15","hour":"23","minutes":"00","seconds":"00"},"utc_start_date":"2025-04-15 18:30:00","utc_start_date_details":{"year":"2025","month":"04","day":"15","hour":"18","minutes":"30","seconds":"00"},"utc_end_date":"2025-04-15 21:00:00","utc_end_date_details":{"year":"2025","month":"04","day":"15","hour":"21","minutes":"00","seconds":"00"},"timezone":"Europe\/Paris","timezone_abbr":"CEST","cost":"","cost_details":{"currency_symbol":"","currency_code":"","currency_position":"","values":[]},"website":"https:\/\/lemelville.fr\/accueil\/evenements\/viktor-nyberg-trio-2\/","show_map":false,"show_map_link":false,"hide_from_listings":false,"sticky":false,"featured":false,"categories":[{"name":"Jazz Standard","slug":"jazz-standard","term_group":0,"term_taxonomy_id":88,"taxonomy":"tribe_events_cat","description":"","parent":0,"count":280,"filter":"raw","id":88,"urls":{"self":"https:\/\/lemelville.fr\/accueil\/wp-json\/tribe\/events\/v1\/categories\/88","collection":"https:\/\/lemelville.fr\/accueil\/wp-json\/tribe\/events\/v1\/categories"}}],"tags":[],"venue":{"id":299,"author":"1","status":"publish","date":"2023-09-19 18:02:08","date_utc":"2023-09-19 16:02:08","modified":"2025-03-27 10:47:38","modified_utc":"2025-03-27 09:47:38","url":"https:\/\/lemelville.fr\/accueil\/lieu\/le-melville\/","venue":"Le Melville","slug":"le-melville","address":"28 Rue Jean Mermoz","city":"Paris","country":"France","zip":"75008","json_ld":{"@type":"Place","name":"Le Melville","description":"","url":"https:\/\/lemelville.fr\/accueil\/lieu\/le-melville\/","address":{"@type":"PostalAddress","streetAddress":"28 Rue Jean Mermoz","addressLocality":"Paris","postalCode":"75008","addressCountry":"France"},"telephone":"","sameAs":""},"show_map":false,"show_map_link":true,"global_id":"lemelville.fr\/accueil?id=299","global_id_lineage":["lemelville.fr\/accueil?id=299"]},"organizer":[],"custom_fields":[],"json_ld":{"@context":"http:\/\/schema.org","@type":"Event","name":"Viktor Nyberg Trio","description":"&lt;p&gt;Un trio explosif na\u00eet \u00e0 Goteborg en 2023 : Etienne D\u00e9confin et Viktor Nyberg rencontrent le batteur Rasmus Blixt. En 2024, des tourn\u00e9es et un enregistrement survolt\u00e9 de standards s\\'ensuivent.&hellip; &lt;a class=&quot;more-link&quot; href=&quot;https:\/\/lemelville.fr\/accueil\/evenements\/viktor-nyberg-trio-2\/&quot;&gt;Poursuivre la lecture &lt;span class=&quot;screen-reader-text&quot;&gt;Viktor Nyberg Trio&lt;\/span&gt;&lt;\/a&gt;&lt;\/p&gt;\\n","image":"https:\/\/lemelville.fr\/wp-content\/uploads\/2025\/01\/Viktor-Nyberg-Trio-Affiche-NF.png","url":"https:\/\/lemelville.fr\/accueil\/evenements\/viktor-nyberg-trio-2\/","eventAttendanceMode":"https:\/\/schema.org\/OfflineEventAttendanceMode","eventStatus":"https:\/\/schema.org\/EventScheduled","startDate":"2025-04-15T20:30:00+02:00","endDate":"2025-04-15T23:00:00+02:00","location":{"@type":"Place","name":"Le Melville","description":"","url":"https:\/\/lemelville.fr\/accueil\/lieu\/le-melville\/","address":{"@type":"PostalAddress","streetAddress":"28 Rue Jean Mermoz","addressLocality":"Paris","postalCode":"75008","addressCountry":"France"},"telephone":"","sameAs":""},"performer":"Organization"},"is_virtual":false,"virtual_url":null,"virtual_video_source":""}