{"id":3994,"global_id":"lemelville.fr\/accueil?id=3994","global_id_lineage":["lemelville.fr\/accueil?id=3994"],"author":"3","status":"publish","date":"2025-02-27 13:32:39","date_utc":"2025-02-27 12:32:39","modified":"2025-02-27 13:32:39","modified_utc":"2025-02-27 12:32:39","url":"https:\/\/lemelville.fr\/accueil\/evenements\/paul-carr-project-4tet-2\/","rest_url":"https:\/\/lemelville.fr\/accueil\/wp-json\/tribe\/events\/v1\/events\/3994","title":"Paul Carr Project 4tet","description":"<p>Paul Carr, saxophoniste de renom, a sorti 10 albums \u00e0 succ\u00e8s et perform\u00e9 autour du globe avec des musiciens de talent. De la Maison Blanche \u00e0 la Jordanie, il enflamme les sc\u00e8nes avec ses formations originales alliant jazz traditionnel et contemporain. Une carri\u00e8re riche et vibrante \u00e0 voir pour son passage en France !<\/p>\n<p>Paul a publi\u00e9 10 enregistrements, dont plusieurs ont atteint le top 10 du classement de Jazz Week. Son enregistrement le plus r\u00e9cent est le Paul Carr Legacy Quartet, avec le grand bassiste Buster Williams, le pianiste Bruce Barth et le c\u00e9l\u00e8bre batteur Lewis Nash. Paul Carr s&#8217;est produit dans le monde entier, notamment en Am\u00e9rique du Sud, en Europe et au Moyen-Orient. Il a eu le grand honneur de se produire lors de nombreux \u00e9v\u00e9nements priv\u00e9s organis\u00e9s par le pr\u00e9sident Clinton et pour feu le roi Hussein et la reine Noir de Jordanie dans leur r\u00e9sidence d&#8217;Aqaba, en Jordanie. Il dirige cinq formations; le Paul Carr Quartet, qui pr\u00e9sente les enregistrements de jazz traditionnel de Paul ; le Paul Carr Legacy Quartet, qui r\u00e9unit des musiciens de renom qu&#8217;il admire ; le Paul Carr Collective, dans lequel Paul collabore avec divers musiciens pour pr\u00e9senter des compositions originales et des reprises arrang\u00e9es par les membres ; le Carr-Keys, une collaboration entre Paul Carr et Marshall Keys, qui fusionne les styles de jazz traditionnel et contemporain afin de permettre au public de mieux appr\u00e9cier les deux styles ; et enfin le Mid-Atlantic Jazz Orchestra, qui c\u00e9l\u00e8bre le big band. <\/p>\n<p>Paul Carr : sax<br \/>\nMathieu Meyer : piano<\/p>","excerpt":"","slug":"paul-carr-project-4tet-2","image":{"url":"https:\/\/lemelville.fr\/wp-content\/uploads\/2025\/02\/Paul-Carr-Project-Affiche-NF-1.png","id":3993,"extension":"png","width":1280,"height":800,"filesize":454344,"sizes":{"woocommerce_thumbnail":{"width":450,"height":450,"mime-type":"image\/png","filesize":39274,"uncropped":false,"url":"https:\/\/lemelville.fr\/wp-content\/uploads\/2025\/02\/Paul-Carr-Project-Affiche-NF-1-450x450.png"},"woocommerce_gallery_thumbnail":{"width":100,"height":100,"mime-type":"image\/png","filesize":3901,"url":"https:\/\/lemelville.fr\/wp-content\/uploads\/2025\/02\/Paul-Carr-Project-Affiche-NF-1-100x100.png"},"woocommerce_single":{"width":600,"height":375,"mime-type":"image\/png","filesize":42437,"url":"https:\/\/lemelville.fr\/wp-content\/uploads\/2025\/02\/Paul-Carr-Project-Affiche-NF-1-600x375.png"},"medium":{"width":300,"height":188,"mime-type":"image\/png","filesize":38182,"url":"https:\/\/lemelville.fr\/wp-content\/uploads\/2025\/02\/Paul-Carr-Project-Affiche-NF-1-300x188.png"},"large":{"width":1024,"height":640,"mime-type":"image\/png","filesize":307504,"url":"https:\/\/lemelville.fr\/wp-content\/uploads\/2025\/02\/Paul-Carr-Project-Affiche-NF-1-1024x640.png"},"thumbnail":{"width":150,"height":150,"mime-type":"image\/png","filesize":17790,"url":"https:\/\/lemelville.fr\/wp-content\/uploads\/2025\/02\/Paul-Carr-Project-Affiche-NF-1-150x150.png"},"medium_large":{"width":768,"height":480,"mime-type":"image\/png","filesize":194795,"url":"https:\/\/lemelville.fr\/wp-content\/uploads\/2025\/02\/Paul-Carr-Project-Affiche-NF-1-768x480.png"}}},"all_day":false,"start_date":"2025-04-12 21:00:00","start_date_details":{"year":"2025","month":"04","day":"12","hour":"21","minutes":"00","seconds":"00"},"end_date":"2025-04-12 23:30:00","end_date_details":{"year":"2025","month":"04","day":"12","hour":"23","minutes":"30","seconds":"00"},"utc_start_date":"2025-04-12 19:00:00","utc_start_date_details":{"year":"2025","month":"04","day":"12","hour":"19","minutes":"00","seconds":"00"},"utc_end_date":"2025-04-12 21:30:00","utc_end_date_details":{"year":"2025","month":"04","day":"12","hour":"21","minutes":"30","seconds":"00"},"timezone":"Europe\/Paris","timezone_abbr":"CEST","cost":"","cost_details":{"currency_symbol":"","currency_code":"","currency_position":"","values":[]},"website":"https:\/\/lemelville.fr\/accueil\/evenements\/paul-carr-project-4tet-2\/","show_map":false,"show_map_link":false,"hide_from_listings":false,"sticky":false,"featured":false,"categories":[{"name":"Jazz Standard","slug":"jazz-standard","term_group":0,"term_taxonomy_id":88,"taxonomy":"tribe_events_cat","description":"","parent":0,"count":280,"filter":"raw","id":88,"urls":{"self":"https:\/\/lemelville.fr\/accueil\/wp-json\/tribe\/events\/v1\/categories\/88","collection":"https:\/\/lemelville.fr\/accueil\/wp-json\/tribe\/events\/v1\/categories"}},{"name":"Latin Jazz","slug":"latin-jazz","term_group":0,"term_taxonomy_id":139,"taxonomy":"tribe_events_cat","description":"","parent":0,"count":41,"filter":"raw","id":139,"urls":{"self":"https:\/\/lemelville.fr\/accueil\/wp-json\/tribe\/events\/v1\/categories\/139","collection":"https:\/\/lemelville.fr\/accueil\/wp-json\/tribe\/events\/v1\/categories"}}],"tags":[],"venue":{"id":299,"author":"1","status":"publish","date":"2023-09-19 18:02:08","date_utc":"2023-09-19 16:02:08","modified":"2025-03-27 10:47:38","modified_utc":"2025-03-27 09:47:38","url":"https:\/\/lemelville.fr\/accueil\/lieu\/le-melville\/","venue":"Le Melville","slug":"le-melville","address":"28 Rue Jean Mermoz","city":"Paris","country":"France","zip":"75008","json_ld":{"@type":"Place","name":"Le Melville","description":"","url":"https:\/\/lemelville.fr\/accueil\/lieu\/le-melville\/","address":{"@type":"PostalAddress","streetAddress":"28 Rue Jean Mermoz","addressLocality":"Paris","postalCode":"75008","addressCountry":"France"},"telephone":"","sameAs":""},"show_map":false,"show_map_link":true,"global_id":"lemelville.fr\/accueil?id=299","global_id_lineage":["lemelville.fr\/accueil?id=299"]},"organizer":[],"custom_fields":[],"json_ld":{"@context":"http:\/\/schema.org","@type":"Event","name":"Paul Carr Project 4tet","description":"&lt;p&gt;Paul Carr, saxophoniste de renom, a sorti 10 albums \u00e0 succ\u00e8s et perform\u00e9 autour du globe avec des musiciens de talent. De la Maison Blanche \u00e0 la Jordanie, il enflamme&hellip; &lt;a class=&quot;more-link&quot; href=&quot;https:\/\/lemelville.fr\/accueil\/evenements\/paul-carr-project-4tet-2\/&quot;&gt;Poursuivre la lecture &lt;span class=&quot;screen-reader-text&quot;&gt;Paul Carr Project 4tet&lt;\/span&gt;&lt;\/a&gt;&lt;\/p&gt;\\n","image":"https:\/\/lemelville.fr\/wp-content\/uploads\/2025\/02\/Paul-Carr-Project-Affiche-NF-1.png","url":"https:\/\/lemelville.fr\/accueil\/evenements\/paul-carr-project-4tet-2\/","eventAttendanceMode":"https:\/\/schema.org\/OfflineEventAttendanceMode","eventStatus":"https:\/\/schema.org\/EventScheduled","startDate":"2025-04-12T21:00:00+02:00","endDate":"2025-04-12T23:30:00+02:00","location":{"@type":"Place","name":"Le Melville","description":"","url":"https:\/\/lemelville.fr\/accueil\/lieu\/le-melville\/","address":{"@type":"PostalAddress","streetAddress":"28 Rue Jean Mermoz","addressLocality":"Paris","postalCode":"75008","addressCountry":"France"},"telephone":"","sameAs":""},"performer":"Organization"},"is_virtual":false,"virtual_url":null,"virtual_video_source":""}