{"id":470,"global_id":"lemelville.fr\/accueil?id=470","global_id_lineage":["lemelville.fr\/accueil?id=470"],"author":"1","status":"publish","date":"2023-09-21 16:01:11","date_utc":"2023-09-21 14:01:11","modified":"2024-06-11 12:13:42","modified_utc":"2024-06-11 10:13:42","url":"https:\/\/lemelville.fr\/accueil\/evenements\/galawesh-friends\/","rest_url":"https:\/\/lemelville.fr\/accueil\/wp-json\/tribe\/events\/v1\/events\/470","title":"Ingrid &#038; Friends","description":"<p><span data-contrast=\"auto\">Apr\u00e8s de nombreuses ann\u00e9es de lyrique, Ingrid se prends de passion pour le jazz un peu par hasard, en retra\u00e7ant l\u2019histoire de son idole, Amy Winehouse. Elle entame une formation au CRR de Paris, ou elle fait la rencontre d\u2019Axel, Alexandre et Arthur ! Ce cursus la pousse \u00e0 tenter le concours du CNSM qu\u2019elle r\u00e9ussit en mars 2023. Jazz, soul, musiques \u00e9lectroniques \u2026 autant d\u2019influences qui lui ont permis de se cr\u00e9er une identit\u00e9 vocale singuli\u00e8re. Toutes ces inspirations lui permettent de proposer un programme m\u00ealant tradition et jazz moderne.<\/span><span data-ccp-props=\"{&quot;201341983&quot;:0,&quot;335559739&quot;:160,&quot;335559740&quot;:259}\">\u00a0<\/span><\/p>\n<p><span data-contrast=\"none\">Ingrid : Chant<\/span><br \/>\n<span data-contrast=\"none\">Alexandre Lombard Buffet : piano<\/span><br \/>\n<span data-contrast=\"none\">Faniry Andrianarosa : batterie<\/span><br \/>\n<span data-contrast=\"none\">Arlo Lard\u00e9 : basse<\/span><span data-ccp-props=\"{&quot;134233117&quot;:false,&quot;134233118&quot;:false,&quot;201341983&quot;:0,&quot;335551550&quot;:1,&quot;335551620&quot;:1,&quot;335559738&quot;:0,&quot;335559739&quot;:0,&quot;335559740&quot;:259}\">\u00a0<\/span><\/p>","excerpt":"","slug":"galawesh-friends","image":{"url":"https:\/\/lemelville.fr\/wp-content\/uploads\/2023\/09\/ingrid1.png","id":1265,"extension":"png","width":1529,"height":1081,"filesize":1211539,"sizes":{"medium":{"width":300,"height":212,"mime-type":"image\/png","filesize":75826,"url":"https:\/\/lemelville.fr\/wp-content\/uploads\/2023\/09\/ingrid1-300x212.png"},"large":{"width":1024,"height":724,"mime-type":"image\/png","filesize":613927,"url":"https:\/\/lemelville.fr\/wp-content\/uploads\/2023\/09\/ingrid1-1024x724.png"},"thumbnail":{"width":150,"height":150,"mime-type":"image\/png","filesize":32701,"url":"https:\/\/lemelville.fr\/wp-content\/uploads\/2023\/09\/ingrid1-150x150.png"},"medium_large":{"width":768,"height":543,"mime-type":"image\/png","filesize":386491,"url":"https:\/\/lemelville.fr\/wp-content\/uploads\/2023\/09\/ingrid1-768x543.png"},"woocommerce_thumbnail":{"width":450,"height":450,"mime-type":"image\/png","filesize":92583,"uncropped":false,"url":"https:\/\/lemelville.fr\/wp-content\/uploads\/2023\/09\/ingrid1-450x450.png"},"woocommerce_gallery_thumbnail":{"width":100,"height":100,"mime-type":"image\/png","filesize":6898,"url":"https:\/\/lemelville.fr\/wp-content\/uploads\/2023\/09\/ingrid1-100x100.png"}}},"all_day":false,"start_date":"2024-04-19 21:00:00","start_date_details":{"year":"2024","month":"04","day":"19","hour":"21","minutes":"00","seconds":"00"},"end_date":"2024-04-19 23:30:00","end_date_details":{"year":"2024","month":"04","day":"19","hour":"23","minutes":"30","seconds":"00"},"utc_start_date":"2024-04-19 19:00:00","utc_start_date_details":{"year":"2024","month":"04","day":"19","hour":"19","minutes":"00","seconds":"00"},"utc_end_date":"2024-04-19 21:30:00","utc_end_date_details":{"year":"2024","month":"04","day":"19","hour":"21","minutes":"30","seconds":"00"},"timezone":"Europe\/Paris","timezone_abbr":"CEST","cost":"","cost_details":{"currency_symbol":"","currency_code":"","currency_position":"prefix","values":[]},"website":"","show_map":false,"show_map_link":true,"hide_from_listings":false,"sticky":false,"featured":false,"categories":[{"name":"Vocal Standard Jazz","slug":"vocal-standard-jazz","term_group":0,"term_taxonomy_id":89,"taxonomy":"tribe_events_cat","description":"","parent":0,"count":49,"filter":"raw","id":89,"urls":{"self":"https:\/\/lemelville.fr\/accueil\/wp-json\/tribe\/events\/v1\/categories\/89","collection":"https:\/\/lemelville.fr\/accueil\/wp-json\/tribe\/events\/v1\/categories"}}],"tags":[],"venue":{"id":299,"author":"1","status":"publish","date":"2023-09-19 18:02:08","date_utc":"2023-09-19 16:02:08","modified":"2025-03-27 10:47:38","modified_utc":"2025-03-27 09:47:38","url":"https:\/\/lemelville.fr\/accueil\/lieu\/le-melville\/","venue":"Le Melville","slug":"le-melville","address":"28 Rue Jean Mermoz","city":"Paris","country":"France","zip":"75008","json_ld":{"@type":"Place","name":"Le Melville","description":"","url":"https:\/\/lemelville.fr\/accueil\/lieu\/le-melville\/","address":{"@type":"PostalAddress","streetAddress":"28 Rue Jean Mermoz","addressLocality":"Paris","postalCode":"75008","addressCountry":"France"},"telephone":"","sameAs":""},"show_map":false,"show_map_link":true,"global_id":"lemelville.fr\/accueil?id=299","global_id_lineage":["lemelville.fr\/accueil?id=299"]},"organizer":[],"custom_fields":[],"json_ld":{"@context":"http:\/\/schema.org","@type":"Event","name":"Ingrid &#038; Friends","description":"&lt;p&gt;Apr\u00e8s de nombreuses ann\u00e9es de lyrique, Ingrid se prends de passion pour le jazz un peu par hasard, en retra\u00e7ant l\u2019histoire de son idole, Amy Winehouse. Elle entame une formation&hellip; &lt;a class=&quot;more-link&quot; href=&quot;https:\/\/lemelville.fr\/accueil\/evenements\/galawesh-friends\/&quot;&gt;Poursuivre la lecture &lt;span class=&quot;screen-reader-text&quot;&gt;Ingrid &#038; Friends&lt;\/span&gt;&lt;\/a&gt;&lt;\/p&gt;\\n","image":"https:\/\/lemelville.fr\/wp-content\/uploads\/2023\/09\/ingrid1.png","url":"https:\/\/lemelville.fr\/accueil\/evenements\/galawesh-friends\/","eventAttendanceMode":"https:\/\/schema.org\/OfflineEventAttendanceMode","eventStatus":"https:\/\/schema.org\/EventScheduled","startDate":"2024-04-19T21:00:00+02:00","endDate":"2024-04-19T23:30:00+02:00","location":{"@type":"Place","name":"Le Melville","description":"","url":"https:\/\/lemelville.fr\/accueil\/lieu\/le-melville\/","address":{"@type":"PostalAddress","streetAddress":"28 Rue Jean Mermoz","addressLocality":"Paris","postalCode":"75008","addressCountry":"France"},"telephone":"","sameAs":""},"performer":"Organization"},"is_virtual":false,"virtual_url":null,"virtual_video_source":""}