{"id":5876,"global_id":"lemelville.fr\/accueil?id=5876","global_id_lineage":["lemelville.fr\/accueil?id=5876"],"author":"3","status":"publish","date":"2026-04-29 16:49:37","date_utc":"2026-04-29 14:49:37","modified":"2026-04-29 16:49:37","modified_utc":"2026-04-29 14:49:37","url":"https:\/\/lemelville.fr\/accueil\/evenements\/theodore-kuzma-trio\/","rest_url":"https:\/\/lemelville.fr\/accueil\/wp-json\/tribe\/events\/v1\/events\/5876","title":"Th\u00e9odore Kuzma Trio","description":"<p>\u00c0 Paris, le jeune pianiste Theodore Kuzma, expert en jazz, s&#8217;appr\u00eate \u00e0 enflammer la sc\u00e8ne avec son be-bop et ses standards. Accompagn\u00e9 des l\u00e9gendaires Thomas Bramerie \u00e0 la contrebasse et Francesco Ciniglio \u00e0 la batterie, ce concert promet d&#8217;\u00eatre \u00e9lectrisant ! <\/p>\n<p>Th\u00e9odore Kuzma est un jeune pianiste bas\u00e9 \u00e0 Paris. Il a beaucoup \u00e9tudi\u00e9 la tradition du jazz, et se r\u00e9f\u00e8re principalement au be-bop qu\u2019il a beaucoup \u00e9tudi\u00e9 mais poss\u00e8de aussi une connaissance large du jazz en jouant r\u00e9guli\u00e8rement pour des festivals parfois de swing ou d\u2019autres concerts plus modernes.<br \/>\nIl jouera principalement des standards, et sera accompagn\u00e9 de grands musiciens. Thomas Bramerie \u00e0 la contrebasse, qui a accompagn\u00e9 de tr\u00e8s grands noms du jazz aussi bien aux \u00c9tats-Unis qu\u2019\u00e0 New York et la batterie, Francesco Ciniglio, batteur de renom \u00e9galement. <\/p>\n<p>Th\u00e9odore Kuzma : piano<br \/>\nFrancesco Ciniglio : batterie<br \/>\nThomas Bramerie : basse<\/p>","excerpt":"","slug":"theodore-kuzma-trio","image":{"url":"https:\/\/lemelville.fr\/wp-content\/uploads\/2026\/04\/Kuzma-Trio-Affiche-NF.png","id":5875,"extension":"png","width":1280,"height":800,"filesize":412560,"sizes":{"medium":{"width":300,"height":188,"mime-type":"image\/png","filesize":31011,"url":"https:\/\/lemelville.fr\/wp-content\/uploads\/2026\/04\/Kuzma-Trio-Affiche-NF-300x188.png"},"large":{"width":1024,"height":640,"mime-type":"image\/png","filesize":234447,"url":"https:\/\/lemelville.fr\/wp-content\/uploads\/2026\/04\/Kuzma-Trio-Affiche-NF-1024x640.png"},"thumbnail":{"width":150,"height":150,"mime-type":"image\/png","filesize":13857,"url":"https:\/\/lemelville.fr\/wp-content\/uploads\/2026\/04\/Kuzma-Trio-Affiche-NF-150x150.png"},"medium_large":{"width":768,"height":480,"mime-type":"image\/png","filesize":144713,"url":"https:\/\/lemelville.fr\/wp-content\/uploads\/2026\/04\/Kuzma-Trio-Affiche-NF-768x480.png"}}},"all_day":false,"start_date":"2026-06-20 21:00:00","start_date_details":{"year":"2026","month":"06","day":"20","hour":"21","minutes":"00","seconds":"00"},"end_date":"2026-06-20 23:30:00","end_date_details":{"year":"2026","month":"06","day":"20","hour":"23","minutes":"30","seconds":"00"},"utc_start_date":"2026-06-20 19:00:00","utc_start_date_details":{"year":"2026","month":"06","day":"20","hour":"19","minutes":"00","seconds":"00"},"utc_end_date":"2026-06-20 21:30:00","utc_end_date_details":{"year":"2026","month":"06","day":"20","hour":"21","minutes":"30","seconds":"00"},"timezone":"Europe\/Paris","timezone_abbr":"CEST","cost":"","cost_details":{"currency_symbol":"","currency_code":"","currency_position":"","values":[]},"website":"https:\/\/lemelville.fr\/accueil\/evenements\/theodore-kuzma-trio\/","show_map":false,"show_map_link":false,"hide_from_listings":false,"sticky":false,"featured":false,"categories":[{"name":"Jazz","slug":"jazz","term_group":0,"term_taxonomy_id":146,"taxonomy":"tribe_events_cat","description":"","parent":0,"count":30,"filter":"raw","id":146,"urls":{"self":"https:\/\/lemelville.fr\/accueil\/wp-json\/tribe\/events\/v1\/categories\/146","collection":"https:\/\/lemelville.fr\/accueil\/wp-json\/tribe\/events\/v1\/categories"}}],"tags":[],"venue":{"id":299,"author":"1","status":"publish","date":"2023-09-19 18:02:08","date_utc":"2023-09-19 16:02:08","modified":"2025-03-27 10:47:38","modified_utc":"2025-03-27 09:47:38","url":"https:\/\/lemelville.fr\/accueil\/lieu\/le-melville\/","venue":"Le Melville","slug":"le-melville","address":"28 Rue Jean Mermoz","city":"Paris","country":"France","zip":"75008","json_ld":{"@type":"Place","name":"Le Melville","description":"","url":"https:\/\/lemelville.fr\/accueil\/lieu\/le-melville\/","address":{"@type":"PostalAddress","streetAddress":"28 Rue Jean Mermoz","addressLocality":"Paris","postalCode":"75008","addressCountry":"France"},"telephone":"","sameAs":""},"show_map":false,"show_map_link":true,"global_id":"lemelville.fr\/accueil?id=299","global_id_lineage":["lemelville.fr\/accueil?id=299"]},"organizer":[],"custom_fields":[],"json_ld":{"@context":"http:\/\/schema.org","@type":"Event","name":"Th\u00e9odore Kuzma Trio","description":"&lt;p&gt;\u00c0 Paris, le jeune pianiste Theodore Kuzma, expert en jazz, s\\'appr\u00eate \u00e0 enflammer la sc\u00e8ne avec son be-bop et ses standards. Accompagn\u00e9 des l\u00e9gendaires Thomas Bramerie \u00e0 la contrebasse et&hellip; &lt;a class=&quot;more-link&quot; href=&quot;https:\/\/lemelville.fr\/accueil\/evenements\/theodore-kuzma-trio\/&quot;&gt;Poursuivre la lecture &lt;span class=&quot;screen-reader-text&quot;&gt;Th\u00e9odore Kuzma Trio&lt;\/span&gt;&lt;\/a&gt;&lt;\/p&gt;\\n","image":"https:\/\/lemelville.fr\/wp-content\/uploads\/2026\/04\/Kuzma-Trio-Affiche-NF.png","url":"https:\/\/lemelville.fr\/accueil\/evenements\/theodore-kuzma-trio\/","eventAttendanceMode":"https:\/\/schema.org\/OfflineEventAttendanceMode","eventStatus":"https:\/\/schema.org\/EventScheduled","startDate":"2026-06-20T21:00:00+02:00","endDate":"2026-06-20T23:30:00+02:00","location":{"@type":"Place","name":"Le Melville","description":"","url":"https:\/\/lemelville.fr\/accueil\/lieu\/le-melville\/","address":{"@type":"PostalAddress","streetAddress":"28 Rue Jean Mermoz","addressLocality":"Paris","postalCode":"75008","addressCountry":"France"},"telephone":"","sameAs":""},"performer":"Organization"},"is_virtual":false,"virtual_url":null,"virtual_video_source":""}