{"id":589,"global_id":"lemelville.fr\/accueil?id=589","global_id_lineage":["lemelville.fr\/accueil?id=589"],"author":"1","status":"publish","date":"2023-10-06 16:59:10","date_utc":"2023-10-06 14:59:10","modified":"2023-10-06 16:59:10","modified_utc":"2023-10-06 14:59:10","url":"https:\/\/lemelville.fr\/accueil\/evenements\/arlet-feuillard-latin-jazz-ensemble\/","rest_url":"https:\/\/lemelville.fr\/accueil\/wp-json\/tribe\/events\/v1\/events\/589","title":"Arlet Feuillard Latin jazz Ensemble","description":"<p><span data-contrast=\"auto\">Pianiste de formation classique, Arlet Feuillard commence \u00e9galement les percussions tr\u00e8s jeune en prati<\/span><span data-contrast=\"auto\">quant le Gwo Ka (musique traditionnelle Guadeloup\u00e9enne). Apr\u00e8s avoir notamment \u00e9tudi\u00e9 la musique classique \u00e0 l&#8217;\u00e9cole de musique du Lamentin (Guadeloupe), au CRR de Paris et au Conservatoire Royal de Bruxelles , il d\u00e9cide finalement de se consacrer au jazz et aux musiques traditionnelles carib\u00e9ennes, tant au piano qu&#8217;au percussions.<\/span><span data-ccp-props=\"{&quot;134233117&quot;:false,&quot;134233118&quot;:false,&quot;335559738&quot;:240,&quot;335559739&quot;:240}\">\u00a0<\/span><\/p>\n<p><span data-contrast=\"auto\">Il accompagne des artistes comme Franck Nicolas, Max Cilla, J\u00fcde, ainsi que quelques ensembles de salsa.<\/span><span data-ccp-props=\"{&quot;134233117&quot;:false,&quot;134233118&quot;:false,&quot;335559738&quot;:240,&quot;335559739&quot;:240}\">\u00a0<\/span><\/p>\n<p><span data-contrast=\"auto\">Tr\u00e8s attir\u00e9 par les musiques latines, c&#8217;est tout naturellement qu&#8217;Arlet nous pr\u00e9sente cette formation et ce<\/span><span data-contrast=\"none\"> r\u00e9pertoire issu de rythmiques afro-br\u00e9siliennes et afro-latines.<\/span><br \/>\n<span data-contrast=\"none\">Entre latin jazz et musiques traditionnelles, laissez-vous embarquer dans cet univers haut en couleurs<\/span><\/p>","excerpt":"","slug":"arlet-feuillard-latin-jazz-ensemble","image":{"url":"https:\/\/lemelville.fr\/wp-content\/uploads\/2023\/10\/Arlet-Feuillard-Latin-jazz-Ensemble.png","id":591,"extension":"png","width":1529,"height":1081,"filesize":798316,"sizes":{"medium":{"width":300,"height":212,"mime-type":"image\/png","filesize":51789,"url":"https:\/\/lemelville.fr\/wp-content\/uploads\/2023\/10\/Arlet-Feuillard-Latin-jazz-Ensemble-300x212.png"},"large":{"width":1024,"height":724,"mime-type":"image\/png","filesize":393483,"url":"https:\/\/lemelville.fr\/wp-content\/uploads\/2023\/10\/Arlet-Feuillard-Latin-jazz-Ensemble-1024x724.png"},"thumbnail":{"width":150,"height":150,"mime-type":"image\/png","filesize":21221,"url":"https:\/\/lemelville.fr\/wp-content\/uploads\/2023\/10\/Arlet-Feuillard-Latin-jazz-Ensemble-150x150.png"},"medium_large":{"width":768,"height":543,"mime-type":"image\/png","filesize":248081,"url":"https:\/\/lemelville.fr\/wp-content\/uploads\/2023\/10\/Arlet-Feuillard-Latin-jazz-Ensemble-768x543.png"},"woocommerce_thumbnail":{"width":450,"height":450,"mime-type":"image\/png","filesize":48042,"uncropped":false,"url":"https:\/\/lemelville.fr\/wp-content\/uploads\/2023\/10\/Arlet-Feuillard-Latin-jazz-Ensemble-450x450.png"},"woocommerce_gallery_thumbnail":{"width":100,"height":100,"mime-type":"image\/png","filesize":4782,"url":"https:\/\/lemelville.fr\/wp-content\/uploads\/2023\/10\/Arlet-Feuillard-Latin-jazz-Ensemble-100x100.png"}}},"all_day":false,"start_date":"2023-11-03 19:00:00","start_date_details":{"year":"2023","month":"11","day":"03","hour":"19","minutes":"00","seconds":"00"},"end_date":"2023-11-03 23:30:00","end_date_details":{"year":"2023","month":"11","day":"03","hour":"23","minutes":"30","seconds":"00"},"utc_start_date":"2023-11-03 18:00:00","utc_start_date_details":{"year":"2023","month":"11","day":"03","hour":"18","minutes":"00","seconds":"00"},"utc_end_date":"2023-11-03 22:30:00","utc_end_date_details":{"year":"2023","month":"11","day":"03","hour":"22","minutes":"30","seconds":"00"},"timezone":"Europe\/Paris","timezone_abbr":"CET","cost":"","cost_details":{"currency_symbol":"","currency_code":"","currency_position":"prefix","values":[]},"website":"","show_map":false,"show_map_link":true,"hide_from_listings":false,"sticky":false,"featured":false,"categories":[],"tags":[],"venue":{"id":299,"author":"1","status":"publish","date":"2023-09-19 18:02:08","date_utc":"2023-09-19 16:02:08","modified":"2025-03-27 10:47:38","modified_utc":"2025-03-27 09:47:38","url":"https:\/\/lemelville.fr\/accueil\/lieu\/le-melville\/","venue":"Le Melville","slug":"le-melville","address":"28 Rue Jean Mermoz","city":"Paris","country":"France","zip":"75008","json_ld":{"@type":"Place","name":"Le Melville","description":"","url":"https:\/\/lemelville.fr\/accueil\/lieu\/le-melville\/","address":{"@type":"PostalAddress","streetAddress":"28 Rue Jean Mermoz","addressLocality":"Paris","postalCode":"75008","addressCountry":"France"},"telephone":"","sameAs":""},"show_map":false,"show_map_link":true,"global_id":"lemelville.fr\/accueil?id=299","global_id_lineage":["lemelville.fr\/accueil?id=299"]},"organizer":[],"custom_fields":[],"json_ld":{"@context":"http:\/\/schema.org","@type":"Event","name":"Arlet Feuillard Latin jazz Ensemble","description":"&lt;p&gt;Pianiste de formation classique, Arlet Feuillard commence \u00e9galement les percussions tr\u00e8s jeune en pratiquant le Gwo Ka (musique traditionnelle Guadeloup\u00e9enne). Apr\u00e8s avoir notamment \u00e9tudi\u00e9 la musique classique \u00e0 l\\'\u00e9cole de&hellip; &lt;a class=&quot;more-link&quot; href=&quot;https:\/\/lemelville.fr\/accueil\/evenements\/arlet-feuillard-latin-jazz-ensemble\/&quot;&gt;Poursuivre la lecture &lt;span class=&quot;screen-reader-text&quot;&gt;Arlet Feuillard Latin jazz Ensemble&lt;\/span&gt;&lt;\/a&gt;&lt;\/p&gt;\\n","image":"https:\/\/lemelville.fr\/wp-content\/uploads\/2023\/10\/Arlet-Feuillard-Latin-jazz-Ensemble.png","url":"https:\/\/lemelville.fr\/accueil\/evenements\/arlet-feuillard-latin-jazz-ensemble\/","eventAttendanceMode":"https:\/\/schema.org\/OfflineEventAttendanceMode","eventStatus":"https:\/\/schema.org\/EventScheduled","startDate":"2023-11-03T19:00:00+01:00","endDate":"2023-11-03T23:30:00+01:00","location":{"@type":"Place","name":"Le Melville","description":"","url":"https:\/\/lemelville.fr\/accueil\/lieu\/le-melville\/","address":{"@type":"PostalAddress","streetAddress":"28 Rue Jean Mermoz","addressLocality":"Paris","postalCode":"75008","addressCountry":"France"},"telephone":"","sameAs":""},"performer":"Organization"},"is_virtual":false,"virtual_url":null,"virtual_video_source":""}